{"id":1017,"date":"2014-12-23T11:22:48","date_gmt":"2014-12-23T11:22:48","guid":{"rendered":"http:\/\/www.stephanrath.com\/?p=1017"},"modified":"2014-12-23T11:42:15","modified_gmt":"2014-12-23T11:42:15","slug":"vierkanttretlager-neu-jetzt-bei-buback-tontraeger","status":"publish","type":"post","link":"http:\/\/www.stephanrath.com\/?p=1017","title":{"rendered":"Vierkanttretlager &#8211; Neu jetzt bei Buback Tontr\u00e4ger"},"content":{"rendered":"<p>Habt ihr das auch alle mitbekommen? Die s\u00fc\u00dfe Band mit dem komischen Namen hat einen Knebelvertrag bei Buback unterschrieben. Wir sind saufroh, denn es ist so: das Album, welches diese 3 Herren eingespielt und gemeinsam mit Olaf Opal produziert haben, ist ph\u00e4nomenal. Und das sagen wir nicht so blubberig dahin, denn wir sind in Sachen &#8222;Indiemusik mit deutschen Texten&#8220; nicht so schnell abgeholt\u2026es ist wirklich\u2026ein Gedicht!<\/p>\n<p><iframe src=\"\/\/www.youtube.com\/embed\/pzp8igIqbEc\" width=\"560\" height=\"315\" frameborder=\"0\" allowfullscreen=\"allowfullscreen\"><\/iframe><\/p>\n<p><strong>Krieg &amp; Krieg: Das neue Album von Vierkanttretlager kommt im April 2015 auf Buback Tontr\u00e4ger<\/strong><\/p>\n<p><a href=\"http:\/\/www.stephanrath.com\/wp-content\/uploads\/2014\/12\/DSC_6082BEA.jpg\"><img loading=\"lazy\" class=\"alignleft size-single-thumbnail wp-image-1018\" src=\"http:\/\/www.stephanrath.com\/wp-content\/uploads\/2014\/12\/DSC_6082BEA-636x310.jpg\" alt=\"DSC_6082BEA\" width=\"636\" height=\"310\" \/><\/a><\/p>\n<p>&nbsp;<\/p>\n<p><em><strong>Krieg und Krieg Tour:<\/strong><\/em><br \/>\n13.05.2015: CH-Z\u00dcRICH, Bar Rossi<br \/>\n14.05.2015: AT, WIEN, Rhiz | Tickets:<br \/>\n16.05.2015: M\u00dcNCHEN, Milla<br \/>\n17.05.2015: HEIDELBERG, Halle 01<br \/>\n18.05.2015: FRANKFURT\/M., Nachtleben<br \/>\n19.05.2015: K\u00d6LN, Luxor<br \/>\n20.05.2015: HAMBURG, Molotow<br \/>\n05.2015: BERLIN, Bang Bang Club<br \/>\n05.06.2015: HUSUM, Speicher<\/p>\n","protected":false},"excerpt":{"rendered":"<p>Habt ihr das auch alle mitbekommen? Die s\u00fc\u00dfe Band mit dem komischen Namen hat einen Knebelvertrag bei Buback unterschrieben. Wir sind saufroh, denn es ist so: das Album, welches diese 3 Herren eingespielt und gemeinsam mit Olaf Opal produziert haben,&#8230;<\/p>\n","protected":false},"author":1,"featured_media":0,"comment_status":"closed","ping_status":"closed","sticky":false,"template":"","format":"standard","meta":[],"categories":[1],"tags":[21,20],"_links":{"self":[{"href":"http:\/\/www.stephanrath.com\/index.php?rest_route=\/wp\/v2\/posts\/1017"}],"collection":[{"href":"http:\/\/www.stephanrath.com\/index.php?rest_route=\/wp\/v2\/posts"}],"about":[{"href":"http:\/\/www.stephanrath.com\/index.php?rest_route=\/wp\/v2\/types\/post"}],"author":[{"embeddable":true,"href":"http:\/\/www.stephanrath.com\/index.php?rest_route=\/wp\/v2\/users\/1"}],"replies":[{"embeddable":true,"href":"http:\/\/www.stephanrath.com\/index.php?rest_route=%2Fwp%2Fv2%2Fcomments&post=1017"}],"version-history":[{"count":4,"href":"http:\/\/www.stephanrath.com\/index.php?rest_route=\/wp\/v2\/posts\/1017\/revisions"}],"predecessor-version":[{"id":1022,"href":"http:\/\/www.stephanrath.com\/index.php?rest_route=\/wp\/v2\/posts\/1017\/revisions\/1022"}],"wp:attachment":[{"href":"http:\/\/www.stephanrath.com\/index.php?rest_route=%2Fwp%2Fv2%2Fmedia&parent=1017"}],"wp:term":[{"taxonomy":"category","embeddable":true,"href":"http:\/\/www.stephanrath.com\/index.php?rest_route=%2Fwp%2Fv2%2Fcategories&post=1017"},{"taxonomy":"post_tag","embeddable":true,"href":"http:\/\/www.stephanrath.com\/index.php?rest_route=%2Fwp%2Fv2%2Ftags&post=1017"}],"curies":[{"name":"wp","href":"https:\/\/api.w.org\/{rel}","templated":true}]}}