{"id":197,"date":"2011-01-28T15:50:42","date_gmt":"2011-01-28T15:50:42","guid":{"rendered":"http:\/\/www.stephanrath.com\/?p=197"},"modified":"2011-01-28T15:52:08","modified_gmt":"2011-01-28T15:52:08","slug":"mary-ocher-%e2%80%9ewar-songs%e2%80%9c-haute-areal-cargo-voe-11-marz-2011","status":"publish","type":"post","link":"http:\/\/www.stephanrath.com\/?p=197","title":{"rendered":"MARY OCHER \u201eWar Songs\u201c (Haute Areal\/ Cargo) Voe: 11. M\u00e4rz"},"content":{"rendered":"<p><strong>\u201ewar songs\u201c<\/strong> ist wie der Name nahelegt ein Konzeptalbum zum ewigen Thema Krieg, ein Thema das Mary Ochers Leben ma\u00dfgeblich beeinflusst hat und das sie immer wieder besch\u00e4ftigt. Doch das Album befasst sich nicht nur mit den Themen Krieg und Frieden, sondern auch mit dem sozialen Status, Verfolgung, Nationalismus und sexuellem Missbrauch. Sie liefert hier eine ziemlich exzentrische Vorstellung eines sonst eher gem\u00e4\u00dfigten Genres, dem Protest-Song. \u201ewar songs\u201c erschien zun\u00e4chst als eine Sammlung von \u201ehome recordings\u201c, die Mary auf ihren Konzerten oder nach ihren Auftritten als Stra\u00dfenmusikerin verkaufte. Wenn Sie eines dieser handgefertigten Exemplare haben &#8230;. in ein paar Jahren &#8230; wer wei\u00df &#8230;<a href=\"http:\/\/www.stephanrath.com\/wp-content\/uploads\/2011\/01\/Mary_Ocher_War_Songs_72dpi.jpg\"><img loading=\"lazy\" class=\"alignleft size-full wp-image-198\" title=\"Mary_Ocher_War_Songs_72dpi\" src=\"http:\/\/www.stephanrath.com\/wp-content\/uploads\/2011\/01\/Mary_Ocher_War_Songs_72dpi.jpg\" alt=\"\" width=\"288\" height=\"288\" srcset=\"http:\/\/www.stephanrath.com\/wp-content\/uploads\/2011\/01\/Mary_Ocher_War_Songs_72dpi.jpg 288w, http:\/\/www.stephanrath.com\/wp-content\/uploads\/2011\/01\/Mary_Ocher_War_Songs_72dpi-150x150.jpg 150w\" sizes=\"(max-width: 288px) 100vw, 288px\" \/><\/a><\/p>\n<p>F\u00fcr die offizielle Ver\u00f6ffentlichung wurden die Songs im Studio neu eingespielt und aufgenommen, nat\u00fcrlich ohne dadurch ihre intime Atmosph\u00e4re einzub\u00fc\u00dfen. Au\u00dferdem wurden neue St\u00fccke hinzugef\u00fcgt.<\/p>\n<p><strong>Biografie:<\/strong><\/p>\n<p>Mary Ocher wurde als Mariya Ocheretianskaya in Moskau im Jahr 1986 geboren und wuchs in Tel Aviv auf. Im Alter von 20 Jahren zog sie nach Berlin und spielte seitdem mehr oder weniger \u00fcberall in und au\u00dferhalb der Stadt, sowohl solo als auch mit ihrer Band \u201eMary and The Baby Cheeses\u201c. Sie ist und war ein stolzer Au\u00dfenseiter und eine Schulabbrecherin, sie studierte sowohl an einer orthodoxen j\u00fcdischen Schule als auch an einer Kunsthochschule.<a href=\"http:\/\/www.stephanrath.com\/wp-content\/uploads\/2011\/01\/Mary_Ocher_by_christina_sunbeam_3.jpg\"><img loading=\"lazy\" class=\"alignleft size-medium wp-image-199\" title=\"Mary_Ocher_by_christina_sunbeam_3\" src=\"http:\/\/www.stephanrath.com\/wp-content\/uploads\/2011\/01\/Mary_Ocher_by_christina_sunbeam_3-300x200.jpg\" alt=\"\" width=\"300\" height=\"200\" srcset=\"http:\/\/www.stephanrath.com\/wp-content\/uploads\/2011\/01\/Mary_Ocher_by_christina_sunbeam_3-300x200.jpg 300w, http:\/\/www.stephanrath.com\/wp-content\/uploads\/2011\/01\/Mary_Ocher_by_christina_sunbeam_3.jpg 1000w\" sizes=\"(max-width: 300px) 100vw, 300px\" \/><\/a><br \/>\nIm Dezember des Jahres 2010 stellte sie mehrere Zeichnungen in einer Deb\u00fct-Ausstellung (&#8222;zum Schein&#8220;) aus und ver\u00f6ffentlichte Lyrik und Fotografie in etlichen Zeitschriften. Sie legt unter dem Namen &#8220; The Queens and The Rebels of Unpopular Culture&#8220; als DJ auf und kuratiert ein j\u00e4hrliches Festival unter dem gleichen Spitznamen f\u00fcr Theater Musik und Kunst. Sie ist das ganze Jahr \u00fcber mit einer aufw\u00e4ndigen und anspruchsvollen Mockumentary \u00fcber eine fiktive 1970er Jahre Avantgarde-Bewegung namens &#8222;The Sounds of Softness&#8220; befasst, aber an eine Fertigstellung ist in absehbarer zeit nicht zu denken.<br \/>\nSie h\u00f6rt zu viel David Bowie und denkt dies sei wichtig zu erw\u00e4hnen. Au\u00dferdem freut sie sich dar\u00fcber, dass Exzentriker scheinbar mehr und mehr von den Mainstream-Medien akzeptiert werden.<\/p>\n<p><a href=\"http:\/\/www.hauteareal.de \">www.hauteareal.de <\/a><br \/>\nhttp:\/\/<a href=\"http:\/\/www.myspace.com\/maryocher\">www.myspace.com\/maryocher<\/a><br \/>\n<a href=\"http:\/\/en.wikipedia.org\/wiki\/Mariya_Ocher\">http:\/\/en.wikipedia.org\/wiki\/Mariya_Ocher<\/a><\/p>\n","protected":false},"excerpt":{"rendered":"<p>\u201ewar songs\u201c ist wie der Name nahelegt ein Konzeptalbum zum ewigen Thema Krieg, ein Thema das Mary Ochers Leben ma\u00dfgeblich beeinflusst hat und das sie immer wieder besch\u00e4ftigt. Doch das Album befasst sich nicht nur mit den Themen Krieg und&#8230;<\/p>\n","protected":false},"author":1,"featured_media":0,"comment_status":"closed","ping_status":"closed","sticky":false,"template":"","format":"standard","meta":[],"categories":[1],"tags":[11],"_links":{"self":[{"href":"http:\/\/www.stephanrath.com\/index.php?rest_route=\/wp\/v2\/posts\/197"}],"collection":[{"href":"http:\/\/www.stephanrath.com\/index.php?rest_route=\/wp\/v2\/posts"}],"about":[{"href":"http:\/\/www.stephanrath.com\/index.php?rest_route=\/wp\/v2\/types\/post"}],"author":[{"embeddable":true,"href":"http:\/\/www.stephanrath.com\/index.php?rest_route=\/wp\/v2\/users\/1"}],"replies":[{"embeddable":true,"href":"http:\/\/www.stephanrath.com\/index.php?rest_route=%2Fwp%2Fv2%2Fcomments&post=197"}],"version-history":[{"count":5,"href":"http:\/\/www.stephanrath.com\/index.php?rest_route=\/wp\/v2\/posts\/197\/revisions"}],"predecessor-version":[{"id":203,"href":"http:\/\/www.stephanrath.com\/index.php?rest_route=\/wp\/v2\/posts\/197\/revisions\/203"}],"wp:attachment":[{"href":"http:\/\/www.stephanrath.com\/index.php?rest_route=%2Fwp%2Fv2%2Fmedia&parent=197"}],"wp:term":[{"taxonomy":"category","embeddable":true,"href":"http:\/\/www.stephanrath.com\/index.php?rest_route=%2Fwp%2Fv2%2Fcategories&post=197"},{"taxonomy":"post_tag","embeddable":true,"href":"http:\/\/www.stephanrath.com\/index.php?rest_route=%2Fwp%2Fv2%2Ftags&post=197"}],"curies":[{"name":"wp","href":"https:\/\/api.w.org\/{rel}","templated":true}]}}