{"id":632,"date":"2014-08-21T12:54:06","date_gmt":"2014-08-21T12:54:06","guid":{"rendered":"http:\/\/www.stephanrath.com\/?p=632"},"modified":"2014-08-22T14:39:51","modified_gmt":"2014-08-22T14:39:51","slug":"die-goldenen-zitronen-whos-bad-bubackindigofinetunes","status":"publish","type":"post","link":"http:\/\/www.stephanrath.com\/?p=632","title":{"rendered":"DIE GOLDENEN ZITRONEN &#8211; Who&#8217;s Bad (Buback\/Indigo\/Finetunes)  VOE 27.09.13"},"content":{"rendered":"<p><strong>Oops, they did it again!!<\/strong><br \/>\n<a href=\"http:\/\/www.stephanrath.com\/wp-content\/uploads\/2014\/08\/Cover_Whos_Bad_72.jpeg\"><img loading=\"lazy\" class=\"alignleft wp-image-635 size-medium\" src=\"http:\/\/www.stephanrath.com\/wp-content\/uploads\/2014\/08\/Cover_Whos_Bad_72-300x300.jpeg\" alt=\"Cover_Who's_Bad_72\" width=\"300\" height=\"300\" srcset=\"http:\/\/www.stephanrath.com\/wp-content\/uploads\/2014\/08\/Cover_Whos_Bad_72-300x300.jpeg 300w, http:\/\/www.stephanrath.com\/wp-content\/uploads\/2014\/08\/Cover_Whos_Bad_72-150x150.jpeg 150w, http:\/\/www.stephanrath.com\/wp-content\/uploads\/2014\/08\/Cover_Whos_Bad_72.jpeg 888w\" sizes=\"(max-width: 300px) 100vw, 300px\" \/><\/a>Der Welt einzige&#8230;Moment: Sind sie u\u0308berhaupt eine Band? Oder nicht la\u0308ngst ein wandelndes Netzwerk klanggewordener U\u0308bermenschen? Bereit den musikalischen Socialmedia-Swingerclubs Deines Vertrauens zu trotzen, wenn sie denn Don Quijote hie\u00dfen. DIE GOLDENEN ZITRONEN. Die einzigen also, die von sich behaupten ko\u0308nnten, auf Augenho\u0308he da weiterzumachen wo CAN, DAF et RAF aufgeho\u0308rt haben als es gerade interessant wurde, haben nachgeladen. Jetzt auch mit Melodien! O.K. das war ihnen schon auf ihren letzten beiden Gro\u00dfwerken gelungen, aber die Hook war so geil!<br \/>\nApropos Hook: Als wa\u0308re KIM KARDASHIANS Mann mit seinem letzten Album bei ihnen in die Lehre gegangen, versammeln sie auf \u201eWHO&#8217;S BAD\u201c neben FRIPPigen und anderen Funkkleinoden (\u201eDer falsche Kuss\u201c, Der Investor\u201c) und wie Lava mahnenden Stompern (\u201eEuropa\u201c, \u201eMa Place\u201c) za\u0308rtlich-obsidianene Hymnen von, Du glaubst es nicht, erhabener Scho\u0308nheit: \u201e Duisburg\u201c! Und &#8211; getreu ihrem Motto \u201eLet \u0301s bring the mental back to instrumental!\u201c &#8211; \u201eNachhall\u201c. Au\u00dferdem erfreulich: Sie haben Bock auf Rock mit Saz! (\u201eTyp, Lederjacke, in der Ecke stehend \u201c, \u201eRittergefu\u0308hle\u201c). Weitere Anspieltipps fu\u0308r die Short Attention Spanner unter Ihnen: \u201eScheinwerfer und Lautsprecher\u201c, \u201eUnter der Fuchtel des Unterbewu\u00dften\u201c, \u201eIch habe das alles nur fu\u0308r dich getan\u201c. \u201eWHO \u0301S BAD\u201c \u2013 15 Tracks also, auf denen sie sich mit ihren Ga\u0308sten (u.a. Melissa Logan, Gadoukou la Star, Peta Devlin und Gustav) der ehernen Losung verschrieben haben: \u201eIt ain \u0301t got that SWING, if it don \u0301t mean a thing!\u201c. WHO \u0301S BAD? Die GOLDIES, wer sonst!<br \/>\nGezeichnet, Sancho<\/p>\n<p style=\"text-align: justify;\"><a href=\"http:\/\/www.stephanrath.com\/wp-content\/uploads\/2014\/08\/MG_7336_Goldene_Zitronen_5_2013_Frank_Egel-Kopie.jpg\"><img loading=\"lazy\" class=\"alignleft wp-image-636 size-medium\" src=\"http:\/\/www.stephanrath.com\/wp-content\/uploads\/2014\/08\/MG_7336_Goldene_Zitronen_5_2013_Frank_Egel-Kopie-300x200.jpg\" alt=\"_MG_7336_Goldene_Zitronen_5_2013_Frank_Egel (Kopie)\" width=\"300\" height=\"200\" srcset=\"http:\/\/www.stephanrath.com\/wp-content\/uploads\/2014\/08\/MG_7336_Goldene_Zitronen_5_2013_Frank_Egel-Kopie-300x200.jpg 300w, http:\/\/www.stephanrath.com\/wp-content\/uploads\/2014\/08\/MG_7336_Goldene_Zitronen_5_2013_Frank_Egel-Kopie-1024x682.jpg 1024w\" sizes=\"(max-width: 300px) 100vw, 300px\" \/><\/a>Aufgenommen von den Goldenen Zitronen zwischen November 2011 und Mai 2013 im Art Blakey Studio Hamburg. Produziert von den Goldenen Zitronen, gemischt von Mense Reents und Ted Gaier.<\/p>\n<p style=\"text-align: justify;\"><em>Julius Block<\/em>: Klavier, E- Klavier, Akustikgitarre, Orgel, Synthesizer, Toy Piano, Bongos, Vocals.<br \/>\n<em>Enno Palluca<\/em>: Schlagzeug, Percussion, Tablas.<br \/>\n<em>Mense Reents<\/em>: Bass, Synthesizer, Percussion, Toy Piano, Melodica, E- Strings, Pauke, Akustikgitarre, Sampler, Chor. <em>Schorsch Kamerun<\/em>: Vocals, Bimmeln, Percussion, Kalimba.<br \/>\n<em>Ted Gaier<\/em>: E- Gitarre, Saz, Vocals, Bass, Synthesizer, Sequenzer, Pauke, Klavier, Percussion, Orgel.<br \/>\n<em>Stephan Rath<\/em>: Schlagzeug, Percussion, Bongos, Sampler.<br \/>\n<em>Melissa Logan<\/em>: Vocals bei \u201eDuisburg\u201c und \u201eEchoh\u00e4user\u201c.<br \/>\n<em>Peta Devlin, Oxana Smakova, Julia Priani<\/em> : Vocals bei \u201eEchoh\u00e4user\u201c.<br \/>\n<em>Franck Edmond aka Gadoukou la Star<\/em>: Vocals bei \u201eMa Place\u201c.<br \/>\n<em>Gustav<\/em>: Vocals bei \u201eWer jetzt\u201c.<br \/>\nArtwork: Daniel Richter.<br \/>\nGrafik: Ted Gaier, Peter Bisping\/ Drucktechnik.<br \/>\nCoverfoto: Frank Egel.<br \/>\nMastering: Gavin M. Wei\u00df.<br \/>\n\u201eEchoh\u00e4user\u201c wurde M\u00e4rz 2013 als Single von The Good, The Bad and The Ugly mit BewohnerInnen der Essoh\u00e4user erstmals ver\u00f6ffentlicht.<br \/>\n\u201eMa place\u201c im Mai 2013 auf der Compilation New Black. Beides erschienen bei Buback Tontr\u00e4ger.<br \/>\nN\u00e4heres zum Kampf um die Esso H\u00e4user: www.initiative-esso-haeuser.de<\/p>\n<p><iframe src=\"\/\/www.youtube.com\/embed\/3etZFekyvVI\" width=\"560\" height=\"315\" frameborder=\"0\" allowfullscreen=\"allowfullscreen\"><\/iframe><br \/>\n<iframe src=\"\/\/www.youtube.com\/embed\/ecgmgcmlbV8\" width=\"560\" height=\"315\" frameborder=\"0\" allowfullscreen=\"allowfullscreen\"><\/iframe><br \/>\n<iframe src=\"\/\/www.youtube.com\/embed\/7EIZ_1fRhkc\" width=\"420\" height=\"315\" frameborder=\"0\" allowfullscreen=\"allowfullscreen\"><\/iframe><br \/>\n<iframe src=\"\/\/www.youtube.com\/embed\/C7PTTjzS-zI\" width=\"560\" height=\"315\" frameborder=\"0\" allowfullscreen=\"allowfullscreen\"><\/iframe><br \/>\n<iframe src=\"\/\/www.youtube.com\/embed\/nM0B2cc4dDc\" width=\"560\" height=\"315\" frameborder=\"0\" allowfullscreen=\"allowfullscreen\"><\/iframe><br \/>\n<iframe src=\"\/\/www.youtube.com\/embed\/UIRyLUKeKeI\" width=\"560\" height=\"315\" frameborder=\"0\" allowfullscreen=\"allowfullscreen\"><\/iframe><br \/>\n<iframe src=\"\/\/www.youtube.com\/embed\/0U7sJ_UCkSs\" width=\"560\" height=\"315\" frameborder=\"0\" allowfullscreen=\"allowfullscreen\"><\/iframe><\/p>\n<p>https:\/\/www.facebook.com\/pages\/Die-Goldenen-Zitronen\/260606172342<\/p>\n","protected":false},"excerpt":{"rendered":"<p>Oops, they did it again!! Der Welt einzige&#8230;Moment: Sind sie u\u0308berhaupt eine Band? Oder nicht la\u0308ngst ein wandelndes Netzwerk klanggewordener U\u0308bermenschen? Bereit den musikalischen Socialmedia-Swingerclubs Deines Vertrauens zu trotzen, wenn sie denn Don Quijote hie\u00dfen. DIE GOLDENEN ZITRONEN. Die einzigen&#8230;<\/p>\n","protected":false},"author":1,"featured_media":0,"comment_status":"closed","ping_status":"closed","sticky":false,"template":"","format":"standard","meta":[],"categories":[1],"tags":[23,21,11],"_links":{"self":[{"href":"http:\/\/www.stephanrath.com\/index.php?rest_route=\/wp\/v2\/posts\/632"}],"collection":[{"href":"http:\/\/www.stephanrath.com\/index.php?rest_route=\/wp\/v2\/posts"}],"about":[{"href":"http:\/\/www.stephanrath.com\/index.php?rest_route=\/wp\/v2\/types\/post"}],"author":[{"embeddable":true,"href":"http:\/\/www.stephanrath.com\/index.php?rest_route=\/wp\/v2\/users\/1"}],"replies":[{"embeddable":true,"href":"http:\/\/www.stephanrath.com\/index.php?rest_route=%2Fwp%2Fv2%2Fcomments&post=632"}],"version-history":[{"count":10,"href":"http:\/\/www.stephanrath.com\/index.php?rest_route=\/wp\/v2\/posts\/632\/revisions"}],"predecessor-version":[{"id":691,"href":"http:\/\/www.stephanrath.com\/index.php?rest_route=\/wp\/v2\/posts\/632\/revisions\/691"}],"wp:attachment":[{"href":"http:\/\/www.stephanrath.com\/index.php?rest_route=%2Fwp%2Fv2%2Fmedia&parent=632"}],"wp:term":[{"taxonomy":"category","embeddable":true,"href":"http:\/\/www.stephanrath.com\/index.php?rest_route=%2Fwp%2Fv2%2Fcategories&post=632"},{"taxonomy":"post_tag","embeddable":true,"href":"http:\/\/www.stephanrath.com\/index.php?rest_route=%2Fwp%2Fv2%2Ftags&post=632"}],"curies":[{"name":"wp","href":"https:\/\/api.w.org\/{rel}","templated":true}]}}