{"id":729,"date":"2014-08-21T15:38:07","date_gmt":"2014-08-21T15:38:07","guid":{"rendered":"http:\/\/www.stephanrath.com\/?p=729"},"modified":"2014-08-22T14:36:40","modified_gmt":"2014-08-22T14:36:40","slug":"kreisky-live-im-oktober-2014-in-deutschland-und-der-schweiz","status":"publish","type":"post","link":"http:\/\/www.stephanrath.com\/?p=729","title":{"rendered":"KREISKY LIVE im Oktober 2014 in Deutschland und der Schweiz"},"content":{"rendered":"<h3><strong>Kreisky D\/CH Tour 2014<\/strong><\/h3>\n<p><a href=\"http:\/\/www.stephanrath.com\/wp-content\/uploads\/2014\/08\/kreisky_2014_03_sw\u00a9-Ingo-Pertramer-Klaus-Mitter.jpg\"><img loading=\"lazy\" class=\"alignleft wp-image-730 size-medium\" src=\"http:\/\/www.stephanrath.com\/wp-content\/uploads\/2014\/08\/kreisky_2014_03_sw\u00a9-Ingo-Pertramer-Klaus-Mitter-300x238.jpg\" alt=\"kreisky_2014_03_sw\u00a9 Ingo Pertramer : Klaus Mitter\" width=\"300\" height=\"238\" srcset=\"http:\/\/www.stephanrath.com\/wp-content\/uploads\/2014\/08\/kreisky_2014_03_sw\u00a9-Ingo-Pertramer-Klaus-Mitter-300x238.jpg 300w, http:\/\/www.stephanrath.com\/wp-content\/uploads\/2014\/08\/kreisky_2014_03_sw\u00a9-Ingo-Pertramer-Klaus-Mitter-1024x813.jpg 1024w\" sizes=\"(max-width: 300px) 100vw, 300px\" \/><\/a>pr\u00e4sentiert von Spex, UMag &amp; ByteFM:<\/p>\n<address>Mi.15.10.14 CH-Bern &#8211; R\u00f6ssli<br \/>\nDo.16.10.14 CH-Z\u00fcrich &#8211; Helsinki<br \/>\nFr.17.10.14 D-Frankfurt &#8211; Mousonturm<br \/>\nSo.19.10.14 D-Berlin &#8211; Monarch<br \/>\nMo.20.10.14 D-Bremen &#8211; Theater Bremen<br \/>\nDi.21.10.14 D-Hamburg &#8211; Uebel&amp;Gef\u00e4hrlich<br \/>\nDo.23.10.14 D-D\u00fcsseldorf &#8211; Zakk<br \/>\nFr.24.10.14 D-Karlsruhe &#8211; Kohi<br \/>\nSa.25.10.14 D-Schorndorf &#8211; Club Manufaktur<br \/>\nSo.26.10.14 D-M\u00fcnchen &#8211; Milla<\/address>\n<p>Kein Zweifel: Mit <em>Blick auf die Alpen<\/em> ist Kreisky eine der aufregendsten und meistbesprochenen Platten des Jahres gelungen. Ein Brocken von einem Album, der den aufgedrehten Noiserock ihrer ersten drei \u2013 auch schon ziemlich fantastischen \u2013 Tontr\u00e4ger einen Zacken zug\u00e4nglicher und poppiger aufpoliert, ohne im Mindesten am Wucht zu verlieren.<em> Blick auf die Alpen<\/em> ist ein glei\u00dfendes Wunderding, das sich bei jedem Mal h\u00f6ren anders gibt: Schlank, klirrend und energetisch, boshaft und weltumarmend. W\u00e4re die UNESCO ein brauchbarer Verein, dann w\u00e4re dieser <em>Blick auf die Alpen<\/em> schon heute Weltkulturerbe.<\/p>\n<p>Bekanntlich gelten Kreisky als Personifizierung des \u201eWiener Grants\u201c, jener unterhaltsamen Mischung aus untert\u00e4nigster H\u00f6flichkeit und niedertr\u00e4chtigster Bosheit, wie sie im deutschsprachigen Teil des Balkans besonders gut gedeiht, und wer die Band nur von Konserve kennt, stellt sich die Musiker wohl als recht fiese Gestalten vor. Das ist aber nur teilweise richtig. Vielgeklickte Videoclips wie \u201ePipelines\u201c, \u201eSelbe Stadt, anderer Planet\u201c oder \u201eBitte bitte\u201c zeigen vielmehr den Gl\u00fccksfall einer Band, die ihre Musik ernst nimmt, sich selber aber nicht allzu sehr.<\/p>\n<p>Ihren optimalen Wirkungsgrad erreichen Kreisky nachweislich im Livebetrieb. Denn Kreisky-Konzerte sind Messen aus L\u00e4rm, Lautst\u00e4rke und Entertainment, aus Giftigkeit und Herzensbildung, aus Drama und Schei\u00df-drauf, die noch jeden umgehauen haben. L\u00e4ngst \u00fcberf\u00e4llig, dass die Band mit den Songs von <em>Blick auf die Alpen<\/em> jetzt auch deutsche (und erstmals Schweizer!) B\u00fchnen versengt.<\/p>\n<p>&nbsp;<\/p>\n<p>Franz Adrian Wenzl: Stimme, Orgel<br \/>\nMartin Max Offenhuber: Gitarre, Stimme<br \/>\nGregor Tischberger: Bass, Gitarre, Stimme<br \/>\nKlaus Mitter: Schlagzeug<\/p>\n<p>&nbsp;<\/p>\n<p><strong><a href=\"http:\/\/www.kreisky.net\">www.kreisky.net<\/a> <\/strong><br \/>\n<strong><a href=\"http:\/\/www.facebook.com\/kreiskymusik\">www.facebook.com\/kreiskymusik<\/a> <\/strong><\/p>\n","protected":false},"excerpt":{"rendered":"<p>Kreisky D\/CH Tour 2014 pr\u00e4sentiert von Spex, UMag &amp; ByteFM: Mi.15.10.14 CH-Bern &#8211; R\u00f6ssli Do.16.10.14 CH-Z\u00fcrich &#8211; Helsinki Fr.17.10.14 D-Frankfurt &#8211; Mousonturm So.19.10.14 D-Berlin &#8211; Monarch Mo.20.10.14 D-Bremen &#8211; Theater Bremen Di.21.10.14 D-Hamburg &#8211; Uebel&amp;Gef\u00e4hrlich Do.23.10.14 D-D\u00fcsseldorf &#8211; Zakk Fr.24.10.14&#8230;<\/p>\n","protected":false},"author":1,"featured_media":0,"comment_status":"closed","ping_status":"closed","sticky":false,"template":"","format":"standard","meta":[],"categories":[1],"tags":[23,21,11],"_links":{"self":[{"href":"http:\/\/www.stephanrath.com\/index.php?rest_route=\/wp\/v2\/posts\/729"}],"collection":[{"href":"http:\/\/www.stephanrath.com\/index.php?rest_route=\/wp\/v2\/posts"}],"about":[{"href":"http:\/\/www.stephanrath.com\/index.php?rest_route=\/wp\/v2\/types\/post"}],"author":[{"embeddable":true,"href":"http:\/\/www.stephanrath.com\/index.php?rest_route=\/wp\/v2\/users\/1"}],"replies":[{"embeddable":true,"href":"http:\/\/www.stephanrath.com\/index.php?rest_route=%2Fwp%2Fv2%2Fcomments&post=729"}],"version-history":[{"count":14,"href":"http:\/\/www.stephanrath.com\/index.php?rest_route=\/wp\/v2\/posts\/729\/revisions"}],"predecessor-version":[{"id":744,"href":"http:\/\/www.stephanrath.com\/index.php?rest_route=\/wp\/v2\/posts\/729\/revisions\/744"}],"wp:attachment":[{"href":"http:\/\/www.stephanrath.com\/index.php?rest_route=%2Fwp%2Fv2%2Fmedia&parent=729"}],"wp:term":[{"taxonomy":"category","embeddable":true,"href":"http:\/\/www.stephanrath.com\/index.php?rest_route=%2Fwp%2Fv2%2Fcategories&post=729"},{"taxonomy":"post_tag","embeddable":true,"href":"http:\/\/www.stephanrath.com\/index.php?rest_route=%2Fwp%2Fv2%2Ftags&post=729"}],"curies":[{"name":"wp","href":"https:\/\/api.w.org\/{rel}","templated":true}]}}